{"id":1351,"date":"2013-03-21T20:43:44","date_gmt":"2013-03-21T19:43:44","guid":{"rendered":"http:\/\/robinjakobsson.se\/blog\/?p=1351"},"modified":"2013-03-21T20:45:33","modified_gmt":"2013-03-21T19:45:33","slug":"sa-kan-mars-lata","status":"publish","type":"post","link":"https:\/\/robinjakobsson.se\/blog\/2013\/03\/21\/sa-kan-mars-lata\/","title":{"rendered":"S\u00e5 kan mars l\u00e5ta"},"content":{"rendered":"<p>Under en av v\u00e5ra morgonpromenader (s\u00e5 h\u00e4r i mars) stannade jag och Kima till lite extra och bara <em>lyssnade<\/em> p\u00e5 v\u00e5r omgivning. Vi h\u00f6rde f\u00e5glar, <i>v\u00e5rk\u00e4nslor<\/i>, sn\u00f6droppar och annat lika h\u00e4rligt. S\u00e5 h\u00e4r l\u00e4t det:<\/p>\n<p><iframe loading=\"lazy\" title=\"Kimas promenad i mars at Botaniska Tr\u00e4dg\u00e5rden by rjakobsson\" width=\"500\" height=\"400\" scrolling=\"no\" frameborder=\"no\" src=\"https:\/\/w.soundcloud.com\/player\/?visual=true&#038;url=https%3A%2F%2Fapi.soundcloud.com%2Ftracks%2F83490147&#038;show_artwork=true&#038;maxheight=750&#038;maxwidth=500\"><\/iframe><\/p>\n","protected":false},"excerpt":{"rendered":"<p>Under en av v\u00e5ra morgonpromenader (s\u00e5 h\u00e4r i mars) stannade jag och Kima till lite extra och bara lyssnade p\u00e5 v\u00e5r omgivning. Vi h\u00f6rde f\u00e5glar, v\u00e5rk\u00e4nslor, sn\u00f6droppar och annat lika h\u00e4rligt. S\u00e5 h\u00e4r l\u00e4t det:<\/p>\n","protected":false},"author":2,"featured_media":0,"comment_status":"open","ping_status":"open","sticky":false,"template":"","format":"standard","meta":{"mf2_syndication":[],"jetpack_post_was_ever_published":false,"_jetpack_newsletter_access":"","_jetpack_dont_email_post_to_subs":false,"_jetpack_newsletter_tier_id":0,"_jetpack_memberships_contains_paywalled_content":false,"_jetpack_memberships_contains_paid_content":false,"webmentions_disabled":false,"activitypub_content_warning":"","activitypub_content_visibility":"","activitypub_max_image_attachments":4,"footnotes":"","jetpack_publicize_message":"","jetpack_publicize_feature_enabled":true,"jetpack_social_post_already_shared":true,"jetpack_social_options":{"image_generator_settings":{"template":"highway","enabled":false},"version":2}},"categories":[198],"tags":[201,199,200,202],"keyring_services":[],"class_list":{"0":"post-1351","1":"post","2":"type-post","3":"status-publish","4":"format-standard","6":"category-ljud","7":"tag-faglar","8":"tag-ljud-2","9":"tag-omgivningsljud","10":"tag-varkanslor","11":"kind-","12":"h-entry","13":"hentry"},"jetpack_publicize_connections":[],"jetpack_featured_media_url":"","jetpack_shortlink":"https:\/\/wp.me\/p2iI7G-lN","jetpack_sharing_enabled":true,"jetpack_likes_enabled":false,"kind":false,"_links":{"self":[{"href":"https:\/\/robinjakobsson.se\/blog\/wp-json\/wp\/v2\/posts\/1351","targetHints":{"allow":["GET"]}}],"collection":[{"href":"https:\/\/robinjakobsson.se\/blog\/wp-json\/wp\/v2\/posts"}],"about":[{"href":"https:\/\/robinjakobsson.se\/blog\/wp-json\/wp\/v2\/types\/post"}],"author":[{"embeddable":true,"href":"https:\/\/robinjakobsson.se\/blog\/wp-json\/wp\/v2\/users\/2"}],"replies":[{"embeddable":true,"href":"https:\/\/robinjakobsson.se\/blog\/wp-json\/wp\/v2\/comments?post=1351"}],"version-history":[{"count":3,"href":"https:\/\/robinjakobsson.se\/blog\/wp-json\/wp\/v2\/posts\/1351\/revisions"}],"predecessor-version":[{"id":1354,"href":"https:\/\/robinjakobsson.se\/blog\/wp-json\/wp\/v2\/posts\/1351\/revisions\/1354"}],"wp:attachment":[{"href":"https:\/\/robinjakobsson.se\/blog\/wp-json\/wp\/v2\/media?parent=1351"}],"wp:term":[{"taxonomy":"category","embeddable":true,"href":"https:\/\/robinjakobsson.se\/blog\/wp-json\/wp\/v2\/categories?post=1351"},{"taxonomy":"post_tag","embeddable":true,"href":"https:\/\/robinjakobsson.se\/blog\/wp-json\/wp\/v2\/tags?post=1351"},{"taxonomy":"keyring_services","embeddable":true,"href":"https:\/\/robinjakobsson.se\/blog\/wp-json\/wp\/v2\/keyring_services?post=1351"}],"curies":[{"name":"wp","href":"https:\/\/api.w.org\/{rel}","templated":true}]}}